{"id":2073,"date":"2021-06-09T12:37:02","date_gmt":"2021-06-09T10:37:02","guid":{"rendered":"https:\/\/b2rlaw.com\/?p=2073"},"modified":"2021-06-09T12:39:25","modified_gmt":"2021-06-09T10:39:25","slug":"edyta-zalewska-dolacza-do-grona-partnerow-b2rlaw-rownolegle-z-awansem-szesciu-innych-prawnikow","status":"publish","type":"post","link":"https:\/\/b2rlaw.com\/pl\/edyta-zalewska-dolacza-do-grona-partnerow-b2rlaw-rownolegle-z-awansem-szesciu-innych-prawnikow\/","title":{"rendered":"Edyta Zalewska do\u0142\u0105cza do grona Partner\u00f3w B2RLaw, r\u00f3wnolegle z awansem sze\u015bciu innych prawnik\u00f3w"},"content":{"rendered":"<p>W\u00a0ramach kolejnej serii awans\u00f3w w\u00a02021\u00a0roku kancelaria B2RLaw og\u0142osi\u0142a, \u017ce z\u00a0dniem 1\u00a0maja\u00a02021\u00a0r. <span style=\"color: #ff6600;\"><a style=\"color: #ff6600;\" href=\"https:\/\/b2rlaw.com\/pl\/team\/edyta-zalewska\/\">Edyta Zalewska<\/a><\/span> obj\u0119\u0142a stanowisko Partnera. B2RLaw z\u00a0przyjemno\u015bci\u0105 informuje r\u00f3wnie\u017c o\u00a0awansie nast\u0119puj\u0105cych prawnik\u00f3w:<\/p>\n<p>+\u00a0 <span style=\"color: #ff6600;\"><a style=\"color: #ff6600;\" href=\"https:\/\/b2rlaw.com\/pl\/team\/anna-grochowska-wasilewska\/\">Anna Grochowska\u2013Wasilewska<\/a><\/span> zosta\u0142a awansowana na stanowisko Counsel;<br \/>\n+\u00a0 <span style=\"color: #ff6600;\"><a style=\"color: #ff6600;\" href=\"https:\/\/b2rlaw.com\/pl\/team\/marcin-malinowski\/\">Marcin Malinowski<\/a> <\/span>zosta\u0142 awansowany na stanowisko Counsel;<br \/>\n+\u00a0 <span style=\"color: #ff6600;\"><a style=\"color: #ff6600;\" href=\"https:\/\/b2rlaw.com\/pl\/team\/radoslaw-minh-nguyen\/\">Rados\u0142aw Minh Nguyen<\/a><\/span> zosta\u0142 awansowany na stanowisko Starszego Prawnika;<br \/>\n+\u00a0 <span style=\"color: #ff6600;\"><a style=\"color: #ff6600;\" href=\"https:\/\/b2rlaw.com\/pl\/team\/tomasz-michalczyk\/\">Tomasz Michalczyk<\/a><\/span> zosta\u0142 zawansowany na stanowisko Prawnika;<br \/>\n+\u00a0 <span style=\"color: #ff6600;\"><a style=\"color: #ff6600;\" href=\"https:\/\/b2rlaw.com\/pl\/team\/inka-kalista\/\">Inka Kalista<\/a><\/span> zosta\u0142a awansowana na stanowisko Prawnika;<br \/>\n+\u00a0 <a href=\"https:\/\/b2rlaw.com\/pl\/team\/malgorzata-tomaka\/\"><span style=\"color: #ff6600;\">Ma\u0142gorzata Tomaka<\/span><\/a> zosta\u0142a awansowana na stanowisko M\u0142odszego Prawnika.<\/p>\n<p><img loading=\"lazy\" decoding=\"async\" class=\"alignnone size-full wp-image-2067\" src=\"https:\/\/b2rlaw.com\/wp-content\/uploads\/2021\/06\/Edyta_zalewska_i_awanse_biale_tlo.jpg\" alt=\"Edyta Zalewska_\" width=\"1920\" height=\"615\" srcset=\"https:\/\/b2rlaw.com\/wp-content\/uploads\/2021\/06\/Edyta_zalewska_i_awanse_biale_tlo.jpg 1920w, https:\/\/b2rlaw.com\/wp-content\/uploads\/2021\/06\/Edyta_zalewska_i_awanse_biale_tlo-300x96.jpg 300w, https:\/\/b2rlaw.com\/wp-content\/uploads\/2021\/06\/Edyta_zalewska_i_awanse_biale_tlo-1024x328.jpg 1024w, https:\/\/b2rlaw.com\/wp-content\/uploads\/2021\/06\/Edyta_zalewska_i_awanse_biale_tlo-768x246.jpg 768w, https:\/\/b2rlaw.com\/wp-content\/uploads\/2021\/06\/Edyta_zalewska_i_awanse_biale_tlo-1536x492.jpg 1536w\" sizes=\"auto, (max-width: 1920px) 100vw, 1920px\" \/><\/p>\n<p><span style=\"color: #ff6600;\"><a style=\"color: #ff6600;\" href=\"https:\/\/b2rlaw.com\/pl\/team\/edyta-zalewska\/\">Edyta Zalewska<\/a><\/span> jest cz\u0142onkiem zespo\u0142u post\u0119powa\u0144 s\u0105dowych oraz zarz\u0105dza praktyk\u0105 spor\u00f3w korporacyjnych. Doradza klientom i reprezentuje ich na wszystkich etapach post\u0119powa\u0144, zar\u00f3wno przed s\u0105dami arbitra\u017cowymi, jak i powszechnymi. Specjalizuje si\u0119 w rozwi\u0105zywaniu spor\u00f3w z zakresu prawa handlowego, nieuczciwej konkurencji i prawa karnego gospodarczego. Edyta reprezentuje polskich i zagranicznych klient\u00f3w przed s\u0105dami oraz organami \u015bcigania wszystkich szczebli w Polsce. Edyta posiada r\u00f3wnie\u017c rozleg\u0142e do\u015bwiadczenie w zakresie prowadzenia spraw dotycz\u0105cych tzw. white collar crimes, zar\u00f3wno jako obro\u0144ca, jak i pe\u0142nomocnik pokrzywdzonego. Edyta do\u0142\u0105czy\u0142a do zespo\u0142u Kancelarii JS Legal, kt\u00f3ra przekszta\u0142ci\u0142a si\u0119 p\u00f3\u017aniej w B2RLaw, jako prawnik w 2014 roku i konsekwentnie, od lat rozwija swoj\u0105 karier\u0119 w ramach Kancelarii, udowadniaj\u0105c z ka\u017cdym dniem swoj\u0105 niezwyk\u0142\u0105 warto\u015b\u0107, zdobywaj\u0105c zaufanie klient\u00f3w i wsp\u00f3\u0142pracownik\u00f3w.<\/p>\n<p><span style=\"color: #ff6600;\"><a style=\"color: #ff6600;\" href=\"https:\/\/b2rlaw.com\/pl\/team\/anna-grochowska-wasilewska\/\">Anna Grochowska\u2013Wasilewska<\/a><\/span> jest adwokatem i doktorem nauk prawnych, cz\u0142onkiem zespo\u0142u post\u0119powa\u0144 s\u0105dowych oraz wsp\u00f3\u0142liderem zespo\u0142u post\u0119powa\u0144 karno\u2013gospodarczych w B2RLaw. Od 2014 roku prowadzi zaj\u0119cia dydaktyczne z post\u0119powania karnego na Wydziale Prawa i Administracji Uniwersytetu Warszawskiego. Od 2021 r. pe\u0142ni funkcj\u0119 Zast\u0119pcy Rzecznika Dyscyplinarnego przy Okr\u0119gowej Radzie Adwokackiej w Warszawie.<\/p>\n<p><span style=\"color: #ff6600;\"><a style=\"color: #ff6600;\" href=\"https:\/\/b2rlaw.com\/pl\/team\/marcin-malinowski\/\">Marcin Malinowski<\/a><\/span> jest adwokatem oraz cz\u0142onkiem zespo\u0142u post\u0119powa\u0144 s\u0105dowych i zespo\u0142u podatkowego. Od wielu lat wsp\u00f3\u0142pracuje z JSLegal, kt\u00f3re uleg\u0142o przekszta\u0142ceniu w B2RLaw, anga\u017cuj\u0105c si\u0119 w prowadzenie praktyki podatkowo-administracyjnej. Marcin reprezentuje Klient\u00f3w w sporach cywilnych, gospodarczych i karnych, specjalizuj\u0105c si\u0119 w post\u0119powaniach podatkowych, karno-skarbowych i administracyjnych.<\/p>\n<p><span style=\"color: #ff6600;\"><a style=\"color: #ff6600;\" href=\"https:\/\/b2rlaw.com\/pl\/team\/radoslaw-minh-nguyen\/\">Rados\u0142aw Minh Nguyen<\/a><\/span> jest aplikantem adwokackim oraz prawnikiem wpisanym na list\u0119 adwokat\u00f3w stanu Nowy York. Radek jest cz\u0142onkiem zespo\u0142u transakcyjnego w B2RLaw, specjalizuje si\u0119 w zagadnieniach finansowych, korporacyjnych i transakcjach M&amp;A. W ostatnim czasie Radek skupia\u0142 si\u0119 w swojej pracy g\u0142\u00f3wnie na transakcjach finansowych, doradzaj\u0105c przy szeregu krajowych i mi\u0119dzynarodowych transakcji finansowych, w tym w zakresie finansowania projekt\u00f3w, finansowania nieruchomo\u015bci i finansowania przej\u0119\u0107.<\/p>\n<p><span style=\"color: #ff6600;\"><a style=\"color: #ff6600;\" href=\"https:\/\/b2rlaw.com\/pl\/team\/tomasz-michalczyk\/\">Tomasz Michalczyk<\/a><\/span> jest aplikantem radcowskim, pracuj\u0105cym w krakowskim biurze B2RLaw. Jest cz\u0142onkiem zespo\u0142\u00f3w praktyki transakcyjnej i handlowej, a w swojej pracy skupia si\u0119 na doradztwie dla przedsi\u0119biorstw, transakcjach M&amp;A, prawie konkurencji, w\u0142asno\u015bci intelektualnej oraz ochronie danych.<\/p>\n<p><span style=\"color: #ff6600;\"><a style=\"color: #ff6600;\" href=\"https:\/\/b2rlaw.com\/pl\/team\/inka-kalista\/\">Inka Kalista<\/a><\/span> jest aplikantem adwokackim i prawnikiem o wielu specjalizacjach \u2013 doradza klientom w zakresie spraw korporacyjnych oraz transakcji M&amp;A, prawa handlowego, prawa pracy i sporach s\u0105dowych.<\/p>\n<p><a href=\"https:\/\/b2rlaw.com\/pl\/team\/malgorzata-tomaka\/\"><span style=\"color: #ff6600;\">Ma\u0142gorzata Tomaka<\/span><\/a> do zespo\u0142u B2RLaw do\u0142\u0105czy\u0142a w po\u0142owie 2020 roku. Przedtem zdobywa\u0142a do\u015bwiadczenie w renomowanych warszawskich i katowickich kancelariach prawnych. Specjalizuje si\u0119 w prawie w\u0142asno\u015bci intelektualnej.<\/p>\n<p>Senior Partner <span style=\"color: #ff6600;\"><a style=\"color: #ff6600;\" href=\"https:\/\/b2rlaw.com\/pl\/team\/rafal-stroinski\/\">Rafa\u0142 Stroi\u0144ski<\/a><\/span> komentuje \u201eJeste\u015bmy niesamowicie dumni z\u00a0talentu, umiej\u0119tno\u015bci i\u00a0zaanga\u017cowania naszego zespo\u0142u. Podj\u0119te przez nasz\u0105 kancelari\u0119 zobowi\u0105zanie do \u015bwiadczenia klientom innowacyjnych us\u0142ug prawnych stanowi podstaw\u0119 naszej dzia\u0142alno\u015bci. Obecnie bardziej ni\u017c kiedykolwiek wcze\u015bniej istotne jest rozwijanie utalentowanych wsp\u00f3\u0142pracownik\u00f3w, kt\u00f3rzy b\u0119d\u0105 realizowali t\u0119 misj\u0119. Wszyscy awansowani przez nas prawnicy realizuj\u0105 w\u00a0praktyce warto\u015bci B2R, d\u0105\u017c\u0105c do osi\u0105gania najlepszych wynik\u00f3w dla naszych klient\u00f3w. Dzi\u0119kujemy im za ich ci\u0119\u017ck\u0105 prac\u0119 i\u00a0zaanga\u017cowanie, a\u00a0opr\u00f3cz tego gratulujemy zas\u0142u\u017conego sukcesu.\u201d<\/p>\n<p>Senior Partner <span style=\"color: #ff6600;\"><a style=\"color: #ff6600;\" href=\"https:\/\/b2rlaw.com\/pl\/team\/bartlomiej-jankowski\/\">Bart\u0142omiej Jankowski<\/a><\/span> dodaje \u201eEdyta wykazuje si\u0119 wszystkimi cechami, kt\u00f3rych szukamy u\u00a0partnera w\u00a0B2RLaw, w\u00a0tym nie tylko profesjonalizmem, gotowo\u015bci\u0105 do ci\u0119\u017ckiej pracy, lojalno\u015bci\u0105 i\u00a0ukierunkowaniem na rozw\u00f3j, lecz r\u00f3wnie\u017c mocnym przywi\u0105zaniem do budowania d\u0142ugoterminowych relacji. Jest wspania\u0142\u0105 prawniczk\u0105, wyj\u0105tkowo sprawn\u0105 mened\u017cerk\u0105 i\u00a0fantastyczn\u0105 mentork\u0105 dla zespo\u0142u B2RLaw. Przepe\u0142nia nas duma z\u00a0tego, \u017ce w\u00a0naszym zespole znajduj\u0105 si\u0119 osoby takie jak Edyta oraz wszyscy awansowani przez nas prawnicy, kt\u00f3rzy kszta\u0142tuj\u0105 oblicze B2RLaw\u201d.<\/p>\n","protected":false},"excerpt":{"rendered":"<p>W\u00a0ramach kolejnej serii awans\u00f3w w\u00a02021\u00a0roku kancelaria B2RLaw og\u0142osi\u0142a, \u017ce z\u00a0dniem 1\u00a0maja\u00a02021\u00a0r. Edyta Zalewska obj\u0119\u0142a stanowisko Partnera. B2RLaw z\u00a0przyjemno\u015bci\u0105 informuje r\u00f3wnie\u017c [&hellip;]<\/p>\n","protected":false},"author":3,"featured_media":0,"comment_status":"open","ping_status":"open","sticky":false,"template":"","format":"standard","meta":{"_acf_changed":false,"footnotes":""},"categories":[7],"class_list":["post-2073","post","type-post","status-publish","format-standard","hentry","category-bez-kategorii"],"acf":[],"yoast_head":"<!-- This site is optimized with the Yoast SEO plugin v27.4 - https:\/\/yoast.com\/product\/yoast-seo-wordpress\/ -->\n<title>Edyta Zalewska do\u0142\u0105cza do grona Partner\u00f3w B2RLaw, r\u00f3wnolegle z awansem sze\u015bciu innych prawnik\u00f3w - B2RLAW<\/title>\n<meta name=\"robots\" content=\"index, follow, max-snippet:-1, max-image-preview:large, max-video-preview:-1\" \/>\n<link rel=\"canonical\" href=\"https:\/\/b2rlaw.com\/pl\/edyta-zalewska-dolacza-do-grona-partnerow-b2rlaw-rownolegle-z-awansem-szesciu-innych-prawnikow\/\" \/>\n<meta property=\"og:locale\" content=\"pl_PL\" \/>\n<meta property=\"og:type\" content=\"article\" \/>\n<meta property=\"og:title\" content=\"Edyta Zalewska do\u0142\u0105cza do grona Partner\u00f3w B2RLaw, r\u00f3wnolegle z awansem sze\u015bciu innych prawnik\u00f3w - B2RLAW\" \/>\n<meta property=\"og:description\" content=\"W\u00a0ramach kolejnej serii awans\u00f3w w\u00a02021\u00a0roku kancelaria B2RLaw og\u0142osi\u0142a, \u017ce z\u00a0dniem 1\u00a0maja\u00a02021\u00a0r. Edyta Zalewska obj\u0119\u0142a stanowisko Partnera. B2RLaw z\u00a0przyjemno\u015bci\u0105 informuje r\u00f3wnie\u017c [&hellip;]\" \/>\n<meta property=\"og:url\" content=\"https:\/\/b2rlaw.com\/pl\/edyta-zalewska-dolacza-do-grona-partnerow-b2rlaw-rownolegle-z-awansem-szesciu-innych-prawnikow\/\" \/>\n<meta property=\"og:site_name\" content=\"B2RLAW\" \/>\n<meta property=\"article:published_time\" content=\"2021-06-09T10:37:02+00:00\" \/>\n<meta property=\"article:modified_time\" content=\"2021-06-09T10:39:25+00:00\" \/>\n<meta property=\"og:image\" content=\"https:\/\/b2rlaw.com\/wp-content\/uploads\/2021\/06\/Edyta_zalewska_i_awanse_biale_tlo.jpg\" \/>\n<meta name=\"author\" content=\"b2r\" \/>\n<meta name=\"twitter:card\" content=\"summary_large_image\" \/>\n<meta name=\"twitter:label1\" content=\"Napisane przez\" \/>\n\t<meta name=\"twitter:data1\" content=\"b2r\" \/>\n\t<meta name=\"twitter:label2\" content=\"Szacowany czas czytania\" \/>\n\t<meta name=\"twitter:data2\" content=\"3 minuty\" \/>\n<script type=\"application\/ld+json\" class=\"yoast-schema-graph\">{\"@context\":\"https:\\\/\\\/schema.org\",\"@graph\":[{\"@type\":\"Article\",\"@id\":\"https:\\\/\\\/b2rlaw.com\\\/pl\\\/edyta-zalewska-dolacza-do-grona-partnerow-b2rlaw-rownolegle-z-awansem-szesciu-innych-prawnikow\\\/#article\",\"isPartOf\":{\"@id\":\"https:\\\/\\\/b2rlaw.com\\\/pl\\\/edyta-zalewska-dolacza-do-grona-partnerow-b2rlaw-rownolegle-z-awansem-szesciu-innych-prawnikow\\\/\"},\"author\":{\"name\":\"b2r\",\"@id\":\"https:\\\/\\\/b2rlaw.com\\\/pl\\\/#\\\/schema\\\/person\\\/2ef801a8f1a40a43573f705c6cf8ea73\"},\"headline\":\"Edyta Zalewska do\u0142\u0105cza do grona Partner\u00f3w B2RLaw, r\u00f3wnolegle z awansem sze\u015bciu innych prawnik\u00f3w\",\"datePublished\":\"2021-06-09T10:37:02+00:00\",\"dateModified\":\"2021-06-09T10:39:25+00:00\",\"mainEntityOfPage\":{\"@id\":\"https:\\\/\\\/b2rlaw.com\\\/pl\\\/edyta-zalewska-dolacza-do-grona-partnerow-b2rlaw-rownolegle-z-awansem-szesciu-innych-prawnikow\\\/\"},\"wordCount\":769,\"commentCount\":0,\"image\":{\"@id\":\"https:\\\/\\\/b2rlaw.com\\\/pl\\\/edyta-zalewska-dolacza-do-grona-partnerow-b2rlaw-rownolegle-z-awansem-szesciu-innych-prawnikow\\\/#primaryimage\"},\"thumbnailUrl\":\"https:\\\/\\\/b2rlaw.com\\\/wp-content\\\/uploads\\\/2021\\\/06\\\/Edyta_zalewska_i_awanse_biale_tlo.jpg\",\"inLanguage\":\"pl-PL\",\"potentialAction\":[{\"@type\":\"CommentAction\",\"name\":\"Comment\",\"target\":[\"https:\\\/\\\/b2rlaw.com\\\/pl\\\/edyta-zalewska-dolacza-do-grona-partnerow-b2rlaw-rownolegle-z-awansem-szesciu-innych-prawnikow\\\/#respond\"]}]},{\"@type\":\"WebPage\",\"@id\":\"https:\\\/\\\/b2rlaw.com\\\/pl\\\/edyta-zalewska-dolacza-do-grona-partnerow-b2rlaw-rownolegle-z-awansem-szesciu-innych-prawnikow\\\/\",\"url\":\"https:\\\/\\\/b2rlaw.com\\\/pl\\\/edyta-zalewska-dolacza-do-grona-partnerow-b2rlaw-rownolegle-z-awansem-szesciu-innych-prawnikow\\\/\",\"name\":\"Edyta Zalewska do\u0142\u0105cza do grona Partner\u00f3w B2RLaw, r\u00f3wnolegle z awansem sze\u015bciu innych prawnik\u00f3w - B2RLAW\",\"isPartOf\":{\"@id\":\"https:\\\/\\\/b2rlaw.com\\\/pl\\\/#website\"},\"primaryImageOfPage\":{\"@id\":\"https:\\\/\\\/b2rlaw.com\\\/pl\\\/edyta-zalewska-dolacza-do-grona-partnerow-b2rlaw-rownolegle-z-awansem-szesciu-innych-prawnikow\\\/#primaryimage\"},\"image\":{\"@id\":\"https:\\\/\\\/b2rlaw.com\\\/pl\\\/edyta-zalewska-dolacza-do-grona-partnerow-b2rlaw-rownolegle-z-awansem-szesciu-innych-prawnikow\\\/#primaryimage\"},\"thumbnailUrl\":\"https:\\\/\\\/b2rlaw.com\\\/wp-content\\\/uploads\\\/2021\\\/06\\\/Edyta_zalewska_i_awanse_biale_tlo.jpg\",\"datePublished\":\"2021-06-09T10:37:02+00:00\",\"dateModified\":\"2021-06-09T10:39:25+00:00\",\"author\":{\"@id\":\"https:\\\/\\\/b2rlaw.com\\\/pl\\\/#\\\/schema\\\/person\\\/2ef801a8f1a40a43573f705c6cf8ea73\"},\"breadcrumb\":{\"@id\":\"https:\\\/\\\/b2rlaw.com\\\/pl\\\/edyta-zalewska-dolacza-do-grona-partnerow-b2rlaw-rownolegle-z-awansem-szesciu-innych-prawnikow\\\/#breadcrumb\"},\"inLanguage\":\"pl-PL\",\"potentialAction\":[{\"@type\":\"ReadAction\",\"target\":[\"https:\\\/\\\/b2rlaw.com\\\/pl\\\/edyta-zalewska-dolacza-do-grona-partnerow-b2rlaw-rownolegle-z-awansem-szesciu-innych-prawnikow\\\/\"]}]},{\"@type\":\"ImageObject\",\"inLanguage\":\"pl-PL\",\"@id\":\"https:\\\/\\\/b2rlaw.com\\\/pl\\\/edyta-zalewska-dolacza-do-grona-partnerow-b2rlaw-rownolegle-z-awansem-szesciu-innych-prawnikow\\\/#primaryimage\",\"url\":\"https:\\\/\\\/b2rlaw.com\\\/wp-content\\\/uploads\\\/2021\\\/06\\\/Edyta_zalewska_i_awanse_biale_tlo.jpg\",\"contentUrl\":\"https:\\\/\\\/b2rlaw.com\\\/wp-content\\\/uploads\\\/2021\\\/06\\\/Edyta_zalewska_i_awanse_biale_tlo.jpg\"},{\"@type\":\"BreadcrumbList\",\"@id\":\"https:\\\/\\\/b2rlaw.com\\\/pl\\\/edyta-zalewska-dolacza-do-grona-partnerow-b2rlaw-rownolegle-z-awansem-szesciu-innych-prawnikow\\\/#breadcrumb\",\"itemListElement\":[{\"@type\":\"ListItem\",\"position\":1,\"name\":\"Home\",\"item\":\"https:\\\/\\\/b2rlaw.com\\\/pl\\\/sample-page\\\/\"},{\"@type\":\"ListItem\",\"position\":2,\"name\":\"Edyta Zalewska do\u0142\u0105cza do grona Partner\u00f3w B2RLaw, r\u00f3wnolegle z awansem sze\u015bciu innych prawnik\u00f3w\"}]},{\"@type\":\"WebSite\",\"@id\":\"https:\\\/\\\/b2rlaw.com\\\/pl\\\/#website\",\"url\":\"https:\\\/\\\/b2rlaw.com\\\/pl\\\/\",\"name\":\"B2RLAW\",\"description\":\"We have extensive experience acting in specialized and complex deals and disputes.\",\"potentialAction\":[{\"@type\":\"SearchAction\",\"target\":{\"@type\":\"EntryPoint\",\"urlTemplate\":\"https:\\\/\\\/b2rlaw.com\\\/pl\\\/?s={search_term_string}\"},\"query-input\":{\"@type\":\"PropertyValueSpecification\",\"valueRequired\":true,\"valueName\":\"search_term_string\"}}],\"inLanguage\":\"pl-PL\"},{\"@type\":\"Person\",\"@id\":\"https:\\\/\\\/b2rlaw.com\\\/pl\\\/#\\\/schema\\\/person\\\/2ef801a8f1a40a43573f705c6cf8ea73\",\"name\":\"b2r\",\"image\":{\"@type\":\"ImageObject\",\"inLanguage\":\"pl-PL\",\"@id\":\"https:\\\/\\\/secure.gravatar.com\\\/avatar\\\/d33c9cf07b732ae07942e10a8ad013152eb282475d95c7db934c478bb893f6dd?s=96&d=mm&r=g\",\"url\":\"https:\\\/\\\/secure.gravatar.com\\\/avatar\\\/d33c9cf07b732ae07942e10a8ad013152eb282475d95c7db934c478bb893f6dd?s=96&d=mm&r=g\",\"contentUrl\":\"https:\\\/\\\/secure.gravatar.com\\\/avatar\\\/d33c9cf07b732ae07942e10a8ad013152eb282475d95c7db934c478bb893f6dd?s=96&d=mm&r=g\",\"caption\":\"b2r\"}}]}<\/script>\n<!-- \/ Yoast SEO plugin. -->","yoast_head_json":{"title":"Edyta Zalewska do\u0142\u0105cza do grona Partner\u00f3w B2RLaw, r\u00f3wnolegle z awansem sze\u015bciu innych prawnik\u00f3w - B2RLAW","robots":{"index":"index","follow":"follow","max-snippet":"max-snippet:-1","max-image-preview":"max-image-preview:large","max-video-preview":"max-video-preview:-1"},"canonical":"https:\/\/b2rlaw.com\/pl\/edyta-zalewska-dolacza-do-grona-partnerow-b2rlaw-rownolegle-z-awansem-szesciu-innych-prawnikow\/","og_locale":"pl_PL","og_type":"article","og_title":"Edyta Zalewska do\u0142\u0105cza do grona Partner\u00f3w B2RLaw, r\u00f3wnolegle z awansem sze\u015bciu innych prawnik\u00f3w - B2RLAW","og_description":"W\u00a0ramach kolejnej serii awans\u00f3w w\u00a02021\u00a0roku kancelaria B2RLaw og\u0142osi\u0142a, \u017ce z\u00a0dniem 1\u00a0maja\u00a02021\u00a0r. Edyta Zalewska obj\u0119\u0142a stanowisko Partnera. B2RLaw z\u00a0przyjemno\u015bci\u0105 informuje r\u00f3wnie\u017c [&hellip;]","og_url":"https:\/\/b2rlaw.com\/pl\/edyta-zalewska-dolacza-do-grona-partnerow-b2rlaw-rownolegle-z-awansem-szesciu-innych-prawnikow\/","og_site_name":"B2RLAW","article_published_time":"2021-06-09T10:37:02+00:00","article_modified_time":"2021-06-09T10:39:25+00:00","og_image":[{"url":"https:\/\/b2rlaw.com\/wp-content\/uploads\/2021\/06\/Edyta_zalewska_i_awanse_biale_tlo.jpg","type":"","width":"","height":""}],"author":"b2r","twitter_card":"summary_large_image","twitter_misc":{"Napisane przez":"b2r","Szacowany czas czytania":"3 minuty"},"schema":{"@context":"https:\/\/schema.org","@graph":[{"@type":"Article","@id":"https:\/\/b2rlaw.com\/pl\/edyta-zalewska-dolacza-do-grona-partnerow-b2rlaw-rownolegle-z-awansem-szesciu-innych-prawnikow\/#article","isPartOf":{"@id":"https:\/\/b2rlaw.com\/pl\/edyta-zalewska-dolacza-do-grona-partnerow-b2rlaw-rownolegle-z-awansem-szesciu-innych-prawnikow\/"},"author":{"name":"b2r","@id":"https:\/\/b2rlaw.com\/pl\/#\/schema\/person\/2ef801a8f1a40a43573f705c6cf8ea73"},"headline":"Edyta Zalewska do\u0142\u0105cza do grona Partner\u00f3w B2RLaw, r\u00f3wnolegle z awansem sze\u015bciu innych prawnik\u00f3w","datePublished":"2021-06-09T10:37:02+00:00","dateModified":"2021-06-09T10:39:25+00:00","mainEntityOfPage":{"@id":"https:\/\/b2rlaw.com\/pl\/edyta-zalewska-dolacza-do-grona-partnerow-b2rlaw-rownolegle-z-awansem-szesciu-innych-prawnikow\/"},"wordCount":769,"commentCount":0,"image":{"@id":"https:\/\/b2rlaw.com\/pl\/edyta-zalewska-dolacza-do-grona-partnerow-b2rlaw-rownolegle-z-awansem-szesciu-innych-prawnikow\/#primaryimage"},"thumbnailUrl":"https:\/\/b2rlaw.com\/wp-content\/uploads\/2021\/06\/Edyta_zalewska_i_awanse_biale_tlo.jpg","inLanguage":"pl-PL","potentialAction":[{"@type":"CommentAction","name":"Comment","target":["https:\/\/b2rlaw.com\/pl\/edyta-zalewska-dolacza-do-grona-partnerow-b2rlaw-rownolegle-z-awansem-szesciu-innych-prawnikow\/#respond"]}]},{"@type":"WebPage","@id":"https:\/\/b2rlaw.com\/pl\/edyta-zalewska-dolacza-do-grona-partnerow-b2rlaw-rownolegle-z-awansem-szesciu-innych-prawnikow\/","url":"https:\/\/b2rlaw.com\/pl\/edyta-zalewska-dolacza-do-grona-partnerow-b2rlaw-rownolegle-z-awansem-szesciu-innych-prawnikow\/","name":"Edyta Zalewska do\u0142\u0105cza do grona Partner\u00f3w B2RLaw, r\u00f3wnolegle z awansem sze\u015bciu innych prawnik\u00f3w - B2RLAW","isPartOf":{"@id":"https:\/\/b2rlaw.com\/pl\/#website"},"primaryImageOfPage":{"@id":"https:\/\/b2rlaw.com\/pl\/edyta-zalewska-dolacza-do-grona-partnerow-b2rlaw-rownolegle-z-awansem-szesciu-innych-prawnikow\/#primaryimage"},"image":{"@id":"https:\/\/b2rlaw.com\/pl\/edyta-zalewska-dolacza-do-grona-partnerow-b2rlaw-rownolegle-z-awansem-szesciu-innych-prawnikow\/#primaryimage"},"thumbnailUrl":"https:\/\/b2rlaw.com\/wp-content\/uploads\/2021\/06\/Edyta_zalewska_i_awanse_biale_tlo.jpg","datePublished":"2021-06-09T10:37:02+00:00","dateModified":"2021-06-09T10:39:25+00:00","author":{"@id":"https:\/\/b2rlaw.com\/pl\/#\/schema\/person\/2ef801a8f1a40a43573f705c6cf8ea73"},"breadcrumb":{"@id":"https:\/\/b2rlaw.com\/pl\/edyta-zalewska-dolacza-do-grona-partnerow-b2rlaw-rownolegle-z-awansem-szesciu-innych-prawnikow\/#breadcrumb"},"inLanguage":"pl-PL","potentialAction":[{"@type":"ReadAction","target":["https:\/\/b2rlaw.com\/pl\/edyta-zalewska-dolacza-do-grona-partnerow-b2rlaw-rownolegle-z-awansem-szesciu-innych-prawnikow\/"]}]},{"@type":"ImageObject","inLanguage":"pl-PL","@id":"https:\/\/b2rlaw.com\/pl\/edyta-zalewska-dolacza-do-grona-partnerow-b2rlaw-rownolegle-z-awansem-szesciu-innych-prawnikow\/#primaryimage","url":"https:\/\/b2rlaw.com\/wp-content\/uploads\/2021\/06\/Edyta_zalewska_i_awanse_biale_tlo.jpg","contentUrl":"https:\/\/b2rlaw.com\/wp-content\/uploads\/2021\/06\/Edyta_zalewska_i_awanse_biale_tlo.jpg"},{"@type":"BreadcrumbList","@id":"https:\/\/b2rlaw.com\/pl\/edyta-zalewska-dolacza-do-grona-partnerow-b2rlaw-rownolegle-z-awansem-szesciu-innych-prawnikow\/#breadcrumb","itemListElement":[{"@type":"ListItem","position":1,"name":"Home","item":"https:\/\/b2rlaw.com\/pl\/sample-page\/"},{"@type":"ListItem","position":2,"name":"Edyta Zalewska do\u0142\u0105cza do grona Partner\u00f3w B2RLaw, r\u00f3wnolegle z awansem sze\u015bciu innych prawnik\u00f3w"}]},{"@type":"WebSite","@id":"https:\/\/b2rlaw.com\/pl\/#website","url":"https:\/\/b2rlaw.com\/pl\/","name":"B2RLAW","description":"We have extensive experience acting in specialized and complex deals and disputes.","potentialAction":[{"@type":"SearchAction","target":{"@type":"EntryPoint","urlTemplate":"https:\/\/b2rlaw.com\/pl\/?s={search_term_string}"},"query-input":{"@type":"PropertyValueSpecification","valueRequired":true,"valueName":"search_term_string"}}],"inLanguage":"pl-PL"},{"@type":"Person","@id":"https:\/\/b2rlaw.com\/pl\/#\/schema\/person\/2ef801a8f1a40a43573f705c6cf8ea73","name":"b2r","image":{"@type":"ImageObject","inLanguage":"pl-PL","@id":"https:\/\/secure.gravatar.com\/avatar\/d33c9cf07b732ae07942e10a8ad013152eb282475d95c7db934c478bb893f6dd?s=96&d=mm&r=g","url":"https:\/\/secure.gravatar.com\/avatar\/d33c9cf07b732ae07942e10a8ad013152eb282475d95c7db934c478bb893f6dd?s=96&d=mm&r=g","contentUrl":"https:\/\/secure.gravatar.com\/avatar\/d33c9cf07b732ae07942e10a8ad013152eb282475d95c7db934c478bb893f6dd?s=96&d=mm&r=g","caption":"b2r"}}]}},"_links":{"self":[{"href":"https:\/\/b2rlaw.com\/pl\/wp-json\/wp\/v2\/posts\/2073","targetHints":{"allow":["GET"]}}],"collection":[{"href":"https:\/\/b2rlaw.com\/pl\/wp-json\/wp\/v2\/posts"}],"about":[{"href":"https:\/\/b2rlaw.com\/pl\/wp-json\/wp\/v2\/types\/post"}],"author":[{"embeddable":true,"href":"https:\/\/b2rlaw.com\/pl\/wp-json\/wp\/v2\/users\/3"}],"replies":[{"embeddable":true,"href":"https:\/\/b2rlaw.com\/pl\/wp-json\/wp\/v2\/comments?post=2073"}],"version-history":[{"count":3,"href":"https:\/\/b2rlaw.com\/pl\/wp-json\/wp\/v2\/posts\/2073\/revisions"}],"predecessor-version":[{"id":2076,"href":"https:\/\/b2rlaw.com\/pl\/wp-json\/wp\/v2\/posts\/2073\/revisions\/2076"}],"wp:attachment":[{"href":"https:\/\/b2rlaw.com\/pl\/wp-json\/wp\/v2\/media?parent=2073"}],"wp:term":[{"taxonomy":"category","embeddable":true,"href":"https:\/\/b2rlaw.com\/pl\/wp-json\/wp\/v2\/categories?post=2073"}],"curies":[{"name":"wp","href":"https:\/\/api.w.org\/{rel}","templated":true}]}}