{"id":4034,"date":"2024-01-29T11:01:25","date_gmt":"2024-01-29T10:01:25","guid":{"rendered":"https:\/\/b2rlaw.com\/?p=4034"},"modified":"2024-03-19T11:38:25","modified_gmt":"2024-03-19T10:38:25","slug":"jakub-przybylinski-dla-rzeczpospolita-areszt-nawet-w-spiaczce","status":"publish","type":"post","link":"https:\/\/b2rlaw.com\/pl\/jakub-przybylinski-dla-rzeczpospolita-areszt-nawet-w-spiaczce\/","title":{"rendered":"Jakub Przybyli\u0144ski dla Rzeczpospolita: Areszt nawet w \u015bpi\u0105czce?"},"content":{"rendered":"<p>Jesie\u0144 2023 roku przynios\u0142a liczne zmiany w post\u0119powaniu karnym. Pod koniec wrze\u015bnia w \u017cycie wesz\u0142a niekomentowana szerzej nowelizacja Kodeksu post\u0119powania karnego, kt\u00f3ra istotnie zmodyfikowa\u0142a kszta\u0142t wielu instytucji. Nowelizacja umo\u017cliwi stosowanie \u015brodk\u00f3w zapobiegawczych w szerszym zakresie ni\u017c obecnie.<\/p>\n<p><img loading=\"lazy\" decoding=\"async\" class=\"alignnone wp-image-4035\" src=\"https:\/\/b2rlaw.com\/wp-content\/uploads\/2024\/01\/B2RLaw-Areszt-nawet-w-spiaczce.png\" alt=\"\" width=\"500\" height=\"500\" srcset=\"https:\/\/b2rlaw.com\/wp-content\/uploads\/2024\/01\/B2RLaw-Areszt-nawet-w-spiaczce.png 756w, https:\/\/b2rlaw.com\/wp-content\/uploads\/2024\/01\/B2RLaw-Areszt-nawet-w-spiaczce-300x300.png 300w, https:\/\/b2rlaw.com\/wp-content\/uploads\/2024\/01\/B2RLaw-Areszt-nawet-w-spiaczce-150x150.png 150w\" sizes=\"auto, (max-width: 500px) 100vw, 500px\" \/><\/p>\n<p><span style=\"color: #ff6600;\">+<\/span> Co gdy podejrzany ukrywa si\u0119 lub przebywa poza granicami kraju?<br \/>\n<span style=\"color: #ff6600;\">+<\/span> Kiedy s\u0105d wyda postanowienie o tymczasowym aresztowaniu i poszukiwaniu podejrzanego listem go\u0144czym?<br \/>\n<span style=\"color: #ff6600;\">+<\/span> Czy mo\u017cna aresztowa\u0107 podejrzanego nawet w stanie \u015bpi\u0105czki?<\/p>\n<p>Odpowiedzi na te i jeszcze wi\u0119cej pyta\u0144 w artykule\u00a0<span style=\"color: #ff6600;\"><a style=\"color: #ff6600;\" href=\"https:\/\/b2rlaw.com\/pl\/team\/jakub-przybylinski\/\">Jakub Przybyli\u0144ski<\/a><\/span>\u00a0dla\u00a0Rzeczpospolita.<\/p>\n<p>Pe\u0142na wersja artyku\u0142u <span style=\"color: #ff6600;\"><a style=\"color: #ff6600;\" href=\"https:\/\/www.rp.pl\/opinie-prawne\/art39746101-jakub-przybylinski-areszt-nawet-w-spiaczce\">LINK<\/a><\/span>.<\/p>\n","protected":false},"excerpt":{"rendered":"<p>Jesie\u0144 2023 roku przynios\u0142a liczne zmiany w post\u0119powaniu karnym. Pod koniec wrze\u015bnia w \u017cycie wesz\u0142a niekomentowana szerzej nowelizacja Kodeksu post\u0119powania [&hellip;]<\/p>\n","protected":false},"author":3,"featured_media":0,"comment_status":"closed","ping_status":"open","sticky":false,"template":"","format":"standard","meta":{"_acf_changed":false,"footnotes":""},"categories":[8],"class_list":["post-4034","post","type-post","status-publish","format-standard","hentry","category-publikacje"],"acf":[],"yoast_head":"<!-- This site is optimized with the Yoast SEO plugin v27.4 - https:\/\/yoast.com\/product\/yoast-seo-wordpress\/ -->\n<title>Jakub Przybyli\u0144ski dla Rzeczpospolita: Areszt nawet w \u015bpi\u0105czce? - B2RLAW<\/title>\n<meta name=\"robots\" content=\"index, follow, max-snippet:-1, max-image-preview:large, max-video-preview:-1\" \/>\n<link rel=\"canonical\" href=\"https:\/\/b2rlaw.com\/pl\/jakub-przybylinski-dla-rzeczpospolita-areszt-nawet-w-spiaczce\/\" \/>\n<meta property=\"og:locale\" content=\"pl_PL\" \/>\n<meta property=\"og:type\" content=\"article\" \/>\n<meta property=\"og:title\" content=\"Jakub Przybyli\u0144ski dla Rzeczpospolita: Areszt nawet w \u015bpi\u0105czce? - B2RLAW\" \/>\n<meta property=\"og:description\" content=\"Jesie\u0144 2023 roku przynios\u0142a liczne zmiany w post\u0119powaniu karnym. Pod koniec wrze\u015bnia w \u017cycie wesz\u0142a niekomentowana szerzej nowelizacja Kodeksu post\u0119powania [&hellip;]\" \/>\n<meta property=\"og:url\" content=\"https:\/\/b2rlaw.com\/pl\/jakub-przybylinski-dla-rzeczpospolita-areszt-nawet-w-spiaczce\/\" \/>\n<meta property=\"og:site_name\" content=\"B2RLAW\" \/>\n<meta property=\"article:published_time\" content=\"2024-01-29T10:01:25+00:00\" \/>\n<meta property=\"article:modified_time\" content=\"2024-03-19T10:38:25+00:00\" \/>\n<meta property=\"og:image\" content=\"https:\/\/b2rlaw.com\/wp-content\/uploads\/2024\/01\/B2RLaw-Areszt-nawet-w-spiaczce.png\" \/>\n<meta name=\"author\" content=\"b2r\" \/>\n<meta name=\"twitter:card\" content=\"summary_large_image\" \/>\n<meta name=\"twitter:label1\" content=\"Napisane przez\" \/>\n\t<meta name=\"twitter:data1\" content=\"b2r\" \/>\n\t<meta name=\"twitter:label2\" content=\"Szacowany czas czytania\" \/>\n\t<meta name=\"twitter:data2\" content=\"1 minuta\" \/>\n<script type=\"application\/ld+json\" class=\"yoast-schema-graph\">{\"@context\":\"https:\\\/\\\/schema.org\",\"@graph\":[{\"@type\":\"Article\",\"@id\":\"https:\\\/\\\/b2rlaw.com\\\/pl\\\/jakub-przybylinski-dla-rzeczpospolita-areszt-nawet-w-spiaczce\\\/#article\",\"isPartOf\":{\"@id\":\"https:\\\/\\\/b2rlaw.com\\\/pl\\\/jakub-przybylinski-dla-rzeczpospolita-areszt-nawet-w-spiaczce\\\/\"},\"author\":{\"name\":\"b2r\",\"@id\":\"https:\\\/\\\/b2rlaw.com\\\/pl\\\/#\\\/schema\\\/person\\\/2ef801a8f1a40a43573f705c6cf8ea73\"},\"headline\":\"Jakub Przybyli\u0144ski dla Rzeczpospolita: Areszt nawet w \u015bpi\u0105czce?\",\"datePublished\":\"2024-01-29T10:01:25+00:00\",\"dateModified\":\"2024-03-19T10:38:25+00:00\",\"mainEntityOfPage\":{\"@id\":\"https:\\\/\\\/b2rlaw.com\\\/pl\\\/jakub-przybylinski-dla-rzeczpospolita-areszt-nawet-w-spiaczce\\\/\"},\"wordCount\":111,\"image\":{\"@id\":\"https:\\\/\\\/b2rlaw.com\\\/pl\\\/jakub-przybylinski-dla-rzeczpospolita-areszt-nawet-w-spiaczce\\\/#primaryimage\"},\"thumbnailUrl\":\"https:\\\/\\\/b2rlaw.com\\\/wp-content\\\/uploads\\\/2024\\\/01\\\/B2RLaw-Areszt-nawet-w-spiaczce.png\",\"articleSection\":[\"Publikacje\"],\"inLanguage\":\"pl-PL\"},{\"@type\":\"WebPage\",\"@id\":\"https:\\\/\\\/b2rlaw.com\\\/pl\\\/jakub-przybylinski-dla-rzeczpospolita-areszt-nawet-w-spiaczce\\\/\",\"url\":\"https:\\\/\\\/b2rlaw.com\\\/pl\\\/jakub-przybylinski-dla-rzeczpospolita-areszt-nawet-w-spiaczce\\\/\",\"name\":\"Jakub Przybyli\u0144ski dla Rzeczpospolita: Areszt nawet w \u015bpi\u0105czce? - B2RLAW\",\"isPartOf\":{\"@id\":\"https:\\\/\\\/b2rlaw.com\\\/pl\\\/#website\"},\"primaryImageOfPage\":{\"@id\":\"https:\\\/\\\/b2rlaw.com\\\/pl\\\/jakub-przybylinski-dla-rzeczpospolita-areszt-nawet-w-spiaczce\\\/#primaryimage\"},\"image\":{\"@id\":\"https:\\\/\\\/b2rlaw.com\\\/pl\\\/jakub-przybylinski-dla-rzeczpospolita-areszt-nawet-w-spiaczce\\\/#primaryimage\"},\"thumbnailUrl\":\"https:\\\/\\\/b2rlaw.com\\\/wp-content\\\/uploads\\\/2024\\\/01\\\/B2RLaw-Areszt-nawet-w-spiaczce.png\",\"datePublished\":\"2024-01-29T10:01:25+00:00\",\"dateModified\":\"2024-03-19T10:38:25+00:00\",\"author\":{\"@id\":\"https:\\\/\\\/b2rlaw.com\\\/pl\\\/#\\\/schema\\\/person\\\/2ef801a8f1a40a43573f705c6cf8ea73\"},\"breadcrumb\":{\"@id\":\"https:\\\/\\\/b2rlaw.com\\\/pl\\\/jakub-przybylinski-dla-rzeczpospolita-areszt-nawet-w-spiaczce\\\/#breadcrumb\"},\"inLanguage\":\"pl-PL\",\"potentialAction\":[{\"@type\":\"ReadAction\",\"target\":[\"https:\\\/\\\/b2rlaw.com\\\/pl\\\/jakub-przybylinski-dla-rzeczpospolita-areszt-nawet-w-spiaczce\\\/\"]}]},{\"@type\":\"ImageObject\",\"inLanguage\":\"pl-PL\",\"@id\":\"https:\\\/\\\/b2rlaw.com\\\/pl\\\/jakub-przybylinski-dla-rzeczpospolita-areszt-nawet-w-spiaczce\\\/#primaryimage\",\"url\":\"https:\\\/\\\/b2rlaw.com\\\/wp-content\\\/uploads\\\/2024\\\/01\\\/B2RLaw-Areszt-nawet-w-spiaczce.png\",\"contentUrl\":\"https:\\\/\\\/b2rlaw.com\\\/wp-content\\\/uploads\\\/2024\\\/01\\\/B2RLaw-Areszt-nawet-w-spiaczce.png\"},{\"@type\":\"BreadcrumbList\",\"@id\":\"https:\\\/\\\/b2rlaw.com\\\/pl\\\/jakub-przybylinski-dla-rzeczpospolita-areszt-nawet-w-spiaczce\\\/#breadcrumb\",\"itemListElement\":[{\"@type\":\"ListItem\",\"position\":1,\"name\":\"Home\",\"item\":\"https:\\\/\\\/b2rlaw.com\\\/pl\\\/sample-page\\\/\"},{\"@type\":\"ListItem\",\"position\":2,\"name\":\"Jakub Przybyli\u0144ski dla Rzeczpospolita: Areszt nawet w \u015bpi\u0105czce?\"}]},{\"@type\":\"WebSite\",\"@id\":\"https:\\\/\\\/b2rlaw.com\\\/pl\\\/#website\",\"url\":\"https:\\\/\\\/b2rlaw.com\\\/pl\\\/\",\"name\":\"B2RLAW\",\"description\":\"We have extensive experience acting in specialized and complex deals and disputes.\",\"potentialAction\":[{\"@type\":\"SearchAction\",\"target\":{\"@type\":\"EntryPoint\",\"urlTemplate\":\"https:\\\/\\\/b2rlaw.com\\\/pl\\\/?s={search_term_string}\"},\"query-input\":{\"@type\":\"PropertyValueSpecification\",\"valueRequired\":true,\"valueName\":\"search_term_string\"}}],\"inLanguage\":\"pl-PL\"},{\"@type\":\"Person\",\"@id\":\"https:\\\/\\\/b2rlaw.com\\\/pl\\\/#\\\/schema\\\/person\\\/2ef801a8f1a40a43573f705c6cf8ea73\",\"name\":\"b2r\",\"image\":{\"@type\":\"ImageObject\",\"inLanguage\":\"pl-PL\",\"@id\":\"https:\\\/\\\/secure.gravatar.com\\\/avatar\\\/d33c9cf07b732ae07942e10a8ad013152eb282475d95c7db934c478bb893f6dd?s=96&d=mm&r=g\",\"url\":\"https:\\\/\\\/secure.gravatar.com\\\/avatar\\\/d33c9cf07b732ae07942e10a8ad013152eb282475d95c7db934c478bb893f6dd?s=96&d=mm&r=g\",\"contentUrl\":\"https:\\\/\\\/secure.gravatar.com\\\/avatar\\\/d33c9cf07b732ae07942e10a8ad013152eb282475d95c7db934c478bb893f6dd?s=96&d=mm&r=g\",\"caption\":\"b2r\"}}]}<\/script>\n<!-- \/ Yoast SEO plugin. -->","yoast_head_json":{"title":"Jakub Przybyli\u0144ski dla Rzeczpospolita: Areszt nawet w \u015bpi\u0105czce? - B2RLAW","robots":{"index":"index","follow":"follow","max-snippet":"max-snippet:-1","max-image-preview":"max-image-preview:large","max-video-preview":"max-video-preview:-1"},"canonical":"https:\/\/b2rlaw.com\/pl\/jakub-przybylinski-dla-rzeczpospolita-areszt-nawet-w-spiaczce\/","og_locale":"pl_PL","og_type":"article","og_title":"Jakub Przybyli\u0144ski dla Rzeczpospolita: Areszt nawet w \u015bpi\u0105czce? - B2RLAW","og_description":"Jesie\u0144 2023 roku przynios\u0142a liczne zmiany w post\u0119powaniu karnym. Pod koniec wrze\u015bnia w \u017cycie wesz\u0142a niekomentowana szerzej nowelizacja Kodeksu post\u0119powania [&hellip;]","og_url":"https:\/\/b2rlaw.com\/pl\/jakub-przybylinski-dla-rzeczpospolita-areszt-nawet-w-spiaczce\/","og_site_name":"B2RLAW","article_published_time":"2024-01-29T10:01:25+00:00","article_modified_time":"2024-03-19T10:38:25+00:00","og_image":[{"url":"https:\/\/b2rlaw.com\/wp-content\/uploads\/2024\/01\/B2RLaw-Areszt-nawet-w-spiaczce.png","type":"","width":"","height":""}],"author":"b2r","twitter_card":"summary_large_image","twitter_misc":{"Napisane przez":"b2r","Szacowany czas czytania":"1 minuta"},"schema":{"@context":"https:\/\/schema.org","@graph":[{"@type":"Article","@id":"https:\/\/b2rlaw.com\/pl\/jakub-przybylinski-dla-rzeczpospolita-areszt-nawet-w-spiaczce\/#article","isPartOf":{"@id":"https:\/\/b2rlaw.com\/pl\/jakub-przybylinski-dla-rzeczpospolita-areszt-nawet-w-spiaczce\/"},"author":{"name":"b2r","@id":"https:\/\/b2rlaw.com\/pl\/#\/schema\/person\/2ef801a8f1a40a43573f705c6cf8ea73"},"headline":"Jakub Przybyli\u0144ski dla Rzeczpospolita: Areszt nawet w \u015bpi\u0105czce?","datePublished":"2024-01-29T10:01:25+00:00","dateModified":"2024-03-19T10:38:25+00:00","mainEntityOfPage":{"@id":"https:\/\/b2rlaw.com\/pl\/jakub-przybylinski-dla-rzeczpospolita-areszt-nawet-w-spiaczce\/"},"wordCount":111,"image":{"@id":"https:\/\/b2rlaw.com\/pl\/jakub-przybylinski-dla-rzeczpospolita-areszt-nawet-w-spiaczce\/#primaryimage"},"thumbnailUrl":"https:\/\/b2rlaw.com\/wp-content\/uploads\/2024\/01\/B2RLaw-Areszt-nawet-w-spiaczce.png","articleSection":["Publikacje"],"inLanguage":"pl-PL"},{"@type":"WebPage","@id":"https:\/\/b2rlaw.com\/pl\/jakub-przybylinski-dla-rzeczpospolita-areszt-nawet-w-spiaczce\/","url":"https:\/\/b2rlaw.com\/pl\/jakub-przybylinski-dla-rzeczpospolita-areszt-nawet-w-spiaczce\/","name":"Jakub Przybyli\u0144ski dla Rzeczpospolita: Areszt nawet w \u015bpi\u0105czce? - B2RLAW","isPartOf":{"@id":"https:\/\/b2rlaw.com\/pl\/#website"},"primaryImageOfPage":{"@id":"https:\/\/b2rlaw.com\/pl\/jakub-przybylinski-dla-rzeczpospolita-areszt-nawet-w-spiaczce\/#primaryimage"},"image":{"@id":"https:\/\/b2rlaw.com\/pl\/jakub-przybylinski-dla-rzeczpospolita-areszt-nawet-w-spiaczce\/#primaryimage"},"thumbnailUrl":"https:\/\/b2rlaw.com\/wp-content\/uploads\/2024\/01\/B2RLaw-Areszt-nawet-w-spiaczce.png","datePublished":"2024-01-29T10:01:25+00:00","dateModified":"2024-03-19T10:38:25+00:00","author":{"@id":"https:\/\/b2rlaw.com\/pl\/#\/schema\/person\/2ef801a8f1a40a43573f705c6cf8ea73"},"breadcrumb":{"@id":"https:\/\/b2rlaw.com\/pl\/jakub-przybylinski-dla-rzeczpospolita-areszt-nawet-w-spiaczce\/#breadcrumb"},"inLanguage":"pl-PL","potentialAction":[{"@type":"ReadAction","target":["https:\/\/b2rlaw.com\/pl\/jakub-przybylinski-dla-rzeczpospolita-areszt-nawet-w-spiaczce\/"]}]},{"@type":"ImageObject","inLanguage":"pl-PL","@id":"https:\/\/b2rlaw.com\/pl\/jakub-przybylinski-dla-rzeczpospolita-areszt-nawet-w-spiaczce\/#primaryimage","url":"https:\/\/b2rlaw.com\/wp-content\/uploads\/2024\/01\/B2RLaw-Areszt-nawet-w-spiaczce.png","contentUrl":"https:\/\/b2rlaw.com\/wp-content\/uploads\/2024\/01\/B2RLaw-Areszt-nawet-w-spiaczce.png"},{"@type":"BreadcrumbList","@id":"https:\/\/b2rlaw.com\/pl\/jakub-przybylinski-dla-rzeczpospolita-areszt-nawet-w-spiaczce\/#breadcrumb","itemListElement":[{"@type":"ListItem","position":1,"name":"Home","item":"https:\/\/b2rlaw.com\/pl\/sample-page\/"},{"@type":"ListItem","position":2,"name":"Jakub Przybyli\u0144ski dla Rzeczpospolita: Areszt nawet w \u015bpi\u0105czce?"}]},{"@type":"WebSite","@id":"https:\/\/b2rlaw.com\/pl\/#website","url":"https:\/\/b2rlaw.com\/pl\/","name":"B2RLAW","description":"We have extensive experience acting in specialized and complex deals and disputes.","potentialAction":[{"@type":"SearchAction","target":{"@type":"EntryPoint","urlTemplate":"https:\/\/b2rlaw.com\/pl\/?s={search_term_string}"},"query-input":{"@type":"PropertyValueSpecification","valueRequired":true,"valueName":"search_term_string"}}],"inLanguage":"pl-PL"},{"@type":"Person","@id":"https:\/\/b2rlaw.com\/pl\/#\/schema\/person\/2ef801a8f1a40a43573f705c6cf8ea73","name":"b2r","image":{"@type":"ImageObject","inLanguage":"pl-PL","@id":"https:\/\/secure.gravatar.com\/avatar\/d33c9cf07b732ae07942e10a8ad013152eb282475d95c7db934c478bb893f6dd?s=96&d=mm&r=g","url":"https:\/\/secure.gravatar.com\/avatar\/d33c9cf07b732ae07942e10a8ad013152eb282475d95c7db934c478bb893f6dd?s=96&d=mm&r=g","contentUrl":"https:\/\/secure.gravatar.com\/avatar\/d33c9cf07b732ae07942e10a8ad013152eb282475d95c7db934c478bb893f6dd?s=96&d=mm&r=g","caption":"b2r"}}]}},"_links":{"self":[{"href":"https:\/\/b2rlaw.com\/pl\/wp-json\/wp\/v2\/posts\/4034","targetHints":{"allow":["GET"]}}],"collection":[{"href":"https:\/\/b2rlaw.com\/pl\/wp-json\/wp\/v2\/posts"}],"about":[{"href":"https:\/\/b2rlaw.com\/pl\/wp-json\/wp\/v2\/types\/post"}],"author":[{"embeddable":true,"href":"https:\/\/b2rlaw.com\/pl\/wp-json\/wp\/v2\/users\/3"}],"replies":[{"embeddable":true,"href":"https:\/\/b2rlaw.com\/pl\/wp-json\/wp\/v2\/comments?post=4034"}],"version-history":[{"count":1,"href":"https:\/\/b2rlaw.com\/pl\/wp-json\/wp\/v2\/posts\/4034\/revisions"}],"predecessor-version":[{"id":4037,"href":"https:\/\/b2rlaw.com\/pl\/wp-json\/wp\/v2\/posts\/4034\/revisions\/4037"}],"wp:attachment":[{"href":"https:\/\/b2rlaw.com\/pl\/wp-json\/wp\/v2\/media?parent=4034"}],"wp:term":[{"taxonomy":"category","embeddable":true,"href":"https:\/\/b2rlaw.com\/pl\/wp-json\/wp\/v2\/categories?post=4034"}],"curies":[{"name":"wp","href":"https:\/\/api.w.org\/{rel}","templated":true}]}}