{"id":4547,"date":"2024-12-13T16:00:34","date_gmt":"2024-12-13T15:00:34","guid":{"rendered":"https:\/\/b2rlaw.com\/?p=4547"},"modified":"2024-12-15T10:41:02","modified_gmt":"2024-12-15T09:41:02","slug":"b2rlaw-wspoltworzy-rekomendacje-przyszlych-zmian-w-unijnym-vat","status":"publish","type":"post","link":"https:\/\/b2rlaw.com\/pl\/b2rlaw-wspoltworzy-rekomendacje-przyszlych-zmian-w-unijnym-vat\/","title":{"rendered":"B2RLaw wsp\u00f3\u0142tworzy rekomendacje przysz\u0142ych zmian w unijnym VAT"},"content":{"rendered":"<p>Kilka godzin temu rozpocz\u0119\u0142o si\u0119 w Brukseli 38. plenarne posiedzenie VAT Expert Group, w trakcie kt\u00f3rego cz\u0142onkowie powo\u0142anego przez Komisj\u0119 Europejsk\u0105 zespo\u0142u eksperckiego ds. VAT zaprezentuj\u0105 Komisji Europejskiej nowej kadencji (2024-2029) raport zawieraj\u0105cy rekomendacje zmian w przepisach dyrektywy VAT. Jedn\u0105 z dw\u00f3ch os\u00f3b reprezentuj\u0105cych w zespole polsk\u0105 bran\u017c\u0119 doradztwa podatkowego jest <span style=\"color: #ff6600;\"><a style=\"color: #ff6600;\" href=\"https:\/\/b2rlaw.com\/pl\/team\/jan-sarnowski\/\">Jan Sarnowski<\/a><\/span>, szef praktyki podatkowej B2RLaw.<\/p>\n<p><img loading=\"lazy\" decoding=\"async\" class=\"alignnone wp-image-4544\" src=\"https:\/\/b2rlaw.com\/wp-content\/uploads\/2024\/12\/EUVAT.png\" alt=\"\" width=\"456\" height=\"456\" srcset=\"https:\/\/b2rlaw.com\/wp-content\/uploads\/2024\/12\/EUVAT.png 756w, https:\/\/b2rlaw.com\/wp-content\/uploads\/2024\/12\/EUVAT-300x300.png 300w, https:\/\/b2rlaw.com\/wp-content\/uploads\/2024\/12\/EUVAT-150x150.png 150w\" sizes=\"auto, (max-width: 456px) 100vw, 456px\" \/><\/p>\n<p>Raport dotyczy zar\u00f3wno kwestii koniecznych do uregulowania tu i teraz, jak r\u00f3wnie\u017c generalnych kierunk\u00f3w rozwoju europejskiego systemu VAT. Za g\u0142\u00f3wn\u0105 zasad\u0119 przyjmuje d\u0105\u017cenie do jak najwi\u0119kszego uproszczenia obowi\u0105zuj\u0105cych przepis\u00f3w. Stawia przy tym przed Komisj\u0105 Europejsk\u0105 szereg wyzwa\u0144:<\/p>\n<p><span style=\"color: #ff6600;\"><strong>+ <\/strong><\/span>Jak zmniejszy\u0107 liczb\u0119 stawek VAT i zbli\u017cy\u0107 do siebie przepisy obowi\u0105zuj\u0105ce w r\u00f3\u017cnych pa\u0144stwach, nie ograniczaj\u0105c jednocze\u015bnie ich suwerenno\u015bci?<\/p>\n<p><span style=\"color: #ff6600;\"><strong>+ <\/strong><\/span>Czy mo\u017cna zredukowa\u0107 liczb\u0119 wy\u0142\u0105cze\u0144 i zwolnie\u0144 z VAT, nie prowadz\u0105c jednocze\u015bnie do pogorszenia sytuacji korzystaj\u0105cych z nich obecnie bran\u017c a po\u015brednio \u2013 konsument\u00f3w?<\/p>\n<p><span style=\"color: #ff6600;\"><strong>+ <\/strong><\/span>Jak ograniczy\u0107 liczb\u0119 realizowanych z wykorzystaniem podatk\u00f3w polityk publicznych? Czy mo\u017cna oczy\u015bci\u0107 VAT z preferencji dotycz\u0105cych dzia\u0142a\u0144 korzystnych dla spo\u0142ecze\u0144stwa, gospodarki czy \u015brodowiska? Jak przenie\u015b\u0107 je na pole innych podatk\u00f3w lub system\u00f3w grantowych nie zmniejszaj\u0105c jednocze\u015bnie ich efektywno\u015bci?<\/p>\n<p><span style=\"color: #ff6600;\"><strong>+ <\/strong><\/span>Czym powinien by\u0107 VAT spe\u0142niaj\u0105cy kryteria zr\u00f3wnowa\u017conego rozwoju? Czy jest to VAT skomplikowany, zawieraj\u0105cy preferencje dla dzia\u0142a\u0144 s\u0142u\u017c\u0105cych zwalczaniu kryzysu klimatycznego? Czy powinien on raczej by\u0107 w najwy\u017cszym stopniu efektywny fiskalnie, prosty w rozliczeniu i neutralny wobec zjawisk gospodarczych, za\u015b cele zr\u00f3wnowa\u017conego rozwoju powinny by\u0107 realizowane w wyniku zgromadzonych z jego pomoc\u0105 \u015brodk\u00f3w?<\/p>\n<p><span style=\"color: #ff6600;\"><strong>Europejski system VAT znajduje si\u0119 na rozdro\u017cu, a polepszenie jego jako\u015bci wymaga decyzji na poziomie Unii Europejskiej. Cieszymy si\u0119, \u017ce Polska, reprezentowana przez B2R mo\u017ce by\u0107 w centrum tej debaty \u2013 stawia\u0107 pytania i rekomendowa\u0107 korzystne dla firm odpowiedzi!<\/strong><\/span><\/p>\n<p>VAT Expert Group jest zespo\u0142em doradzaj\u0105cym Komisji Europejskiej w kwestiach zwi\u0105zanych z podatkiem VAT. Zosta\u0142a ona powo\u0142ana przez Dyrektora Generalnego ds. Podatk\u00f3w i Unii Celnej na 3-letni\u0105 kadencj\u0119 rozpoczynaj\u0105c\u0105 si\u0119 1 pa\u017adziernika 2022 r. i ko\u0144cz\u0105c\u0105 si\u0119 30 wrze\u015bnia 2025 r. B2R Law jest jedn\u0105 z dw\u00f3ch polskich firm wybranych przez Komisj\u0119 Europejsk\u0105 do reprezentowania polskiej bran\u017cy doradztwa podatkowego.<\/p>\n","protected":false},"excerpt":{"rendered":"<p>Kilka godzin temu rozpocz\u0119\u0142o si\u0119 w Brukseli 38. plenarne posiedzenie VAT Expert Group, w trakcie kt\u00f3rego cz\u0142onkowie powo\u0142anego przez Komisj\u0119 [&hellip;]<\/p>\n","protected":false},"author":3,"featured_media":0,"comment_status":"closed","ping_status":"open","sticky":false,"template":"","format":"standard","meta":{"_acf_changed":false,"footnotes":""},"categories":[10,11],"class_list":["post-4547","post","type-post","status-publish","format-standard","hentry","category-aktualnosci","category-wydarzenia"],"acf":[],"yoast_head":"<!-- This site is optimized with the Yoast SEO plugin v27.4 - https:\/\/yoast.com\/product\/yoast-seo-wordpress\/ -->\n<title>B2RLaw wsp\u00f3\u0142tworzy rekomendacje przysz\u0142ych zmian w unijnym VAT - B2RLAW<\/title>\n<meta name=\"robots\" content=\"index, follow, max-snippet:-1, max-image-preview:large, max-video-preview:-1\" \/>\n<link rel=\"canonical\" href=\"https:\/\/b2rlaw.com\/pl\/b2rlaw-wspoltworzy-rekomendacje-przyszlych-zmian-w-unijnym-vat\/\" \/>\n<meta property=\"og:locale\" content=\"pl_PL\" \/>\n<meta property=\"og:type\" content=\"article\" \/>\n<meta property=\"og:title\" content=\"B2RLaw wsp\u00f3\u0142tworzy rekomendacje przysz\u0142ych zmian w unijnym VAT - B2RLAW\" \/>\n<meta property=\"og:description\" content=\"Kilka godzin temu rozpocz\u0119\u0142o si\u0119 w Brukseli 38. plenarne posiedzenie VAT Expert Group, w trakcie kt\u00f3rego cz\u0142onkowie powo\u0142anego przez Komisj\u0119 [&hellip;]\" \/>\n<meta property=\"og:url\" content=\"https:\/\/b2rlaw.com\/pl\/b2rlaw-wspoltworzy-rekomendacje-przyszlych-zmian-w-unijnym-vat\/\" \/>\n<meta property=\"og:site_name\" content=\"B2RLAW\" \/>\n<meta property=\"article:published_time\" content=\"2024-12-13T15:00:34+00:00\" \/>\n<meta property=\"article:modified_time\" content=\"2024-12-15T09:41:02+00:00\" \/>\n<meta property=\"og:image\" content=\"https:\/\/b2rlaw.com\/wp-content\/uploads\/2024\/12\/EUVAT.png\" \/>\n\t<meta property=\"og:image:width\" content=\"756\" \/>\n\t<meta property=\"og:image:height\" content=\"756\" \/>\n\t<meta property=\"og:image:type\" content=\"image\/png\" \/>\n<meta name=\"author\" content=\"b2r\" \/>\n<meta name=\"twitter:card\" content=\"summary_large_image\" \/>\n<meta name=\"twitter:label1\" content=\"Napisane przez\" \/>\n\t<meta name=\"twitter:data1\" content=\"b2r\" \/>\n\t<meta name=\"twitter:label2\" content=\"Szacowany czas czytania\" \/>\n\t<meta name=\"twitter:data2\" content=\"2 minuty\" \/>\n<script type=\"application\/ld+json\" class=\"yoast-schema-graph\">{\"@context\":\"https:\\\/\\\/schema.org\",\"@graph\":[{\"@type\":\"Article\",\"@id\":\"https:\\\/\\\/b2rlaw.com\\\/pl\\\/b2rlaw-wspoltworzy-rekomendacje-przyszlych-zmian-w-unijnym-vat\\\/#article\",\"isPartOf\":{\"@id\":\"https:\\\/\\\/b2rlaw.com\\\/pl\\\/b2rlaw-wspoltworzy-rekomendacje-przyszlych-zmian-w-unijnym-vat\\\/\"},\"author\":{\"name\":\"b2r\",\"@id\":\"https:\\\/\\\/b2rlaw.com\\\/pl\\\/#\\\/schema\\\/person\\\/2ef801a8f1a40a43573f705c6cf8ea73\"},\"headline\":\"B2RLaw wsp\u00f3\u0142tworzy rekomendacje przysz\u0142ych zmian w unijnym VAT\",\"datePublished\":\"2024-12-13T15:00:34+00:00\",\"dateModified\":\"2024-12-15T09:41:02+00:00\",\"mainEntityOfPage\":{\"@id\":\"https:\\\/\\\/b2rlaw.com\\\/pl\\\/b2rlaw-wspoltworzy-rekomendacje-przyszlych-zmian-w-unijnym-vat\\\/\"},\"wordCount\":406,\"image\":{\"@id\":\"https:\\\/\\\/b2rlaw.com\\\/pl\\\/b2rlaw-wspoltworzy-rekomendacje-przyszlych-zmian-w-unijnym-vat\\\/#primaryimage\"},\"thumbnailUrl\":\"https:\\\/\\\/b2rlaw.com\\\/wp-content\\\/uploads\\\/2024\\\/12\\\/EUVAT.png\",\"articleSection\":[\"Aktualno\u015bci\",\"Wydarzenia\"],\"inLanguage\":\"pl-PL\"},{\"@type\":\"WebPage\",\"@id\":\"https:\\\/\\\/b2rlaw.com\\\/pl\\\/b2rlaw-wspoltworzy-rekomendacje-przyszlych-zmian-w-unijnym-vat\\\/\",\"url\":\"https:\\\/\\\/b2rlaw.com\\\/pl\\\/b2rlaw-wspoltworzy-rekomendacje-przyszlych-zmian-w-unijnym-vat\\\/\",\"name\":\"B2RLaw wsp\u00f3\u0142tworzy rekomendacje przysz\u0142ych zmian w unijnym VAT - B2RLAW\",\"isPartOf\":{\"@id\":\"https:\\\/\\\/b2rlaw.com\\\/pl\\\/#website\"},\"primaryImageOfPage\":{\"@id\":\"https:\\\/\\\/b2rlaw.com\\\/pl\\\/b2rlaw-wspoltworzy-rekomendacje-przyszlych-zmian-w-unijnym-vat\\\/#primaryimage\"},\"image\":{\"@id\":\"https:\\\/\\\/b2rlaw.com\\\/pl\\\/b2rlaw-wspoltworzy-rekomendacje-przyszlych-zmian-w-unijnym-vat\\\/#primaryimage\"},\"thumbnailUrl\":\"https:\\\/\\\/b2rlaw.com\\\/wp-content\\\/uploads\\\/2024\\\/12\\\/EUVAT.png\",\"datePublished\":\"2024-12-13T15:00:34+00:00\",\"dateModified\":\"2024-12-15T09:41:02+00:00\",\"author\":{\"@id\":\"https:\\\/\\\/b2rlaw.com\\\/pl\\\/#\\\/schema\\\/person\\\/2ef801a8f1a40a43573f705c6cf8ea73\"},\"breadcrumb\":{\"@id\":\"https:\\\/\\\/b2rlaw.com\\\/pl\\\/b2rlaw-wspoltworzy-rekomendacje-przyszlych-zmian-w-unijnym-vat\\\/#breadcrumb\"},\"inLanguage\":\"pl-PL\",\"potentialAction\":[{\"@type\":\"ReadAction\",\"target\":[\"https:\\\/\\\/b2rlaw.com\\\/pl\\\/b2rlaw-wspoltworzy-rekomendacje-przyszlych-zmian-w-unijnym-vat\\\/\"]}]},{\"@type\":\"ImageObject\",\"inLanguage\":\"pl-PL\",\"@id\":\"https:\\\/\\\/b2rlaw.com\\\/pl\\\/b2rlaw-wspoltworzy-rekomendacje-przyszlych-zmian-w-unijnym-vat\\\/#primaryimage\",\"url\":\"https:\\\/\\\/b2rlaw.com\\\/wp-content\\\/uploads\\\/2024\\\/12\\\/EUVAT.png\",\"contentUrl\":\"https:\\\/\\\/b2rlaw.com\\\/wp-content\\\/uploads\\\/2024\\\/12\\\/EUVAT.png\"},{\"@type\":\"BreadcrumbList\",\"@id\":\"https:\\\/\\\/b2rlaw.com\\\/pl\\\/b2rlaw-wspoltworzy-rekomendacje-przyszlych-zmian-w-unijnym-vat\\\/#breadcrumb\",\"itemListElement\":[{\"@type\":\"ListItem\",\"position\":1,\"name\":\"Home\",\"item\":\"https:\\\/\\\/b2rlaw.com\\\/pl\\\/sample-page\\\/\"},{\"@type\":\"ListItem\",\"position\":2,\"name\":\"B2RLaw wsp\u00f3\u0142tworzy rekomendacje przysz\u0142ych zmian w unijnym VAT\"}]},{\"@type\":\"WebSite\",\"@id\":\"https:\\\/\\\/b2rlaw.com\\\/pl\\\/#website\",\"url\":\"https:\\\/\\\/b2rlaw.com\\\/pl\\\/\",\"name\":\"B2RLAW\",\"description\":\"We have extensive experience acting in specialized and complex deals and disputes.\",\"potentialAction\":[{\"@type\":\"SearchAction\",\"target\":{\"@type\":\"EntryPoint\",\"urlTemplate\":\"https:\\\/\\\/b2rlaw.com\\\/pl\\\/?s={search_term_string}\"},\"query-input\":{\"@type\":\"PropertyValueSpecification\",\"valueRequired\":true,\"valueName\":\"search_term_string\"}}],\"inLanguage\":\"pl-PL\"},{\"@type\":\"Person\",\"@id\":\"https:\\\/\\\/b2rlaw.com\\\/pl\\\/#\\\/schema\\\/person\\\/2ef801a8f1a40a43573f705c6cf8ea73\",\"name\":\"b2r\",\"image\":{\"@type\":\"ImageObject\",\"inLanguage\":\"pl-PL\",\"@id\":\"https:\\\/\\\/secure.gravatar.com\\\/avatar\\\/d33c9cf07b732ae07942e10a8ad013152eb282475d95c7db934c478bb893f6dd?s=96&d=mm&r=g\",\"url\":\"https:\\\/\\\/secure.gravatar.com\\\/avatar\\\/d33c9cf07b732ae07942e10a8ad013152eb282475d95c7db934c478bb893f6dd?s=96&d=mm&r=g\",\"contentUrl\":\"https:\\\/\\\/secure.gravatar.com\\\/avatar\\\/d33c9cf07b732ae07942e10a8ad013152eb282475d95c7db934c478bb893f6dd?s=96&d=mm&r=g\",\"caption\":\"b2r\"}}]}<\/script>\n<!-- \/ Yoast SEO plugin. -->","yoast_head_json":{"title":"B2RLaw wsp\u00f3\u0142tworzy rekomendacje przysz\u0142ych zmian w unijnym VAT - B2RLAW","robots":{"index":"index","follow":"follow","max-snippet":"max-snippet:-1","max-image-preview":"max-image-preview:large","max-video-preview":"max-video-preview:-1"},"canonical":"https:\/\/b2rlaw.com\/pl\/b2rlaw-wspoltworzy-rekomendacje-przyszlych-zmian-w-unijnym-vat\/","og_locale":"pl_PL","og_type":"article","og_title":"B2RLaw wsp\u00f3\u0142tworzy rekomendacje przysz\u0142ych zmian w unijnym VAT - B2RLAW","og_description":"Kilka godzin temu rozpocz\u0119\u0142o si\u0119 w Brukseli 38. plenarne posiedzenie VAT Expert Group, w trakcie kt\u00f3rego cz\u0142onkowie powo\u0142anego przez Komisj\u0119 [&hellip;]","og_url":"https:\/\/b2rlaw.com\/pl\/b2rlaw-wspoltworzy-rekomendacje-przyszlych-zmian-w-unijnym-vat\/","og_site_name":"B2RLAW","article_published_time":"2024-12-13T15:00:34+00:00","article_modified_time":"2024-12-15T09:41:02+00:00","og_image":[{"width":756,"height":756,"url":"https:\/\/b2rlaw.com\/wp-content\/uploads\/2024\/12\/EUVAT.png","type":"image\/png"}],"author":"b2r","twitter_card":"summary_large_image","twitter_misc":{"Napisane przez":"b2r","Szacowany czas czytania":"2 minuty"},"schema":{"@context":"https:\/\/schema.org","@graph":[{"@type":"Article","@id":"https:\/\/b2rlaw.com\/pl\/b2rlaw-wspoltworzy-rekomendacje-przyszlych-zmian-w-unijnym-vat\/#article","isPartOf":{"@id":"https:\/\/b2rlaw.com\/pl\/b2rlaw-wspoltworzy-rekomendacje-przyszlych-zmian-w-unijnym-vat\/"},"author":{"name":"b2r","@id":"https:\/\/b2rlaw.com\/pl\/#\/schema\/person\/2ef801a8f1a40a43573f705c6cf8ea73"},"headline":"B2RLaw wsp\u00f3\u0142tworzy rekomendacje przysz\u0142ych zmian w unijnym VAT","datePublished":"2024-12-13T15:00:34+00:00","dateModified":"2024-12-15T09:41:02+00:00","mainEntityOfPage":{"@id":"https:\/\/b2rlaw.com\/pl\/b2rlaw-wspoltworzy-rekomendacje-przyszlych-zmian-w-unijnym-vat\/"},"wordCount":406,"image":{"@id":"https:\/\/b2rlaw.com\/pl\/b2rlaw-wspoltworzy-rekomendacje-przyszlych-zmian-w-unijnym-vat\/#primaryimage"},"thumbnailUrl":"https:\/\/b2rlaw.com\/wp-content\/uploads\/2024\/12\/EUVAT.png","articleSection":["Aktualno\u015bci","Wydarzenia"],"inLanguage":"pl-PL"},{"@type":"WebPage","@id":"https:\/\/b2rlaw.com\/pl\/b2rlaw-wspoltworzy-rekomendacje-przyszlych-zmian-w-unijnym-vat\/","url":"https:\/\/b2rlaw.com\/pl\/b2rlaw-wspoltworzy-rekomendacje-przyszlych-zmian-w-unijnym-vat\/","name":"B2RLaw wsp\u00f3\u0142tworzy rekomendacje przysz\u0142ych zmian w unijnym VAT - B2RLAW","isPartOf":{"@id":"https:\/\/b2rlaw.com\/pl\/#website"},"primaryImageOfPage":{"@id":"https:\/\/b2rlaw.com\/pl\/b2rlaw-wspoltworzy-rekomendacje-przyszlych-zmian-w-unijnym-vat\/#primaryimage"},"image":{"@id":"https:\/\/b2rlaw.com\/pl\/b2rlaw-wspoltworzy-rekomendacje-przyszlych-zmian-w-unijnym-vat\/#primaryimage"},"thumbnailUrl":"https:\/\/b2rlaw.com\/wp-content\/uploads\/2024\/12\/EUVAT.png","datePublished":"2024-12-13T15:00:34+00:00","dateModified":"2024-12-15T09:41:02+00:00","author":{"@id":"https:\/\/b2rlaw.com\/pl\/#\/schema\/person\/2ef801a8f1a40a43573f705c6cf8ea73"},"breadcrumb":{"@id":"https:\/\/b2rlaw.com\/pl\/b2rlaw-wspoltworzy-rekomendacje-przyszlych-zmian-w-unijnym-vat\/#breadcrumb"},"inLanguage":"pl-PL","potentialAction":[{"@type":"ReadAction","target":["https:\/\/b2rlaw.com\/pl\/b2rlaw-wspoltworzy-rekomendacje-przyszlych-zmian-w-unijnym-vat\/"]}]},{"@type":"ImageObject","inLanguage":"pl-PL","@id":"https:\/\/b2rlaw.com\/pl\/b2rlaw-wspoltworzy-rekomendacje-przyszlych-zmian-w-unijnym-vat\/#primaryimage","url":"https:\/\/b2rlaw.com\/wp-content\/uploads\/2024\/12\/EUVAT.png","contentUrl":"https:\/\/b2rlaw.com\/wp-content\/uploads\/2024\/12\/EUVAT.png"},{"@type":"BreadcrumbList","@id":"https:\/\/b2rlaw.com\/pl\/b2rlaw-wspoltworzy-rekomendacje-przyszlych-zmian-w-unijnym-vat\/#breadcrumb","itemListElement":[{"@type":"ListItem","position":1,"name":"Home","item":"https:\/\/b2rlaw.com\/pl\/sample-page\/"},{"@type":"ListItem","position":2,"name":"B2RLaw wsp\u00f3\u0142tworzy rekomendacje przysz\u0142ych zmian w unijnym VAT"}]},{"@type":"WebSite","@id":"https:\/\/b2rlaw.com\/pl\/#website","url":"https:\/\/b2rlaw.com\/pl\/","name":"B2RLAW","description":"We have extensive experience acting in specialized and complex deals and disputes.","potentialAction":[{"@type":"SearchAction","target":{"@type":"EntryPoint","urlTemplate":"https:\/\/b2rlaw.com\/pl\/?s={search_term_string}"},"query-input":{"@type":"PropertyValueSpecification","valueRequired":true,"valueName":"search_term_string"}}],"inLanguage":"pl-PL"},{"@type":"Person","@id":"https:\/\/b2rlaw.com\/pl\/#\/schema\/person\/2ef801a8f1a40a43573f705c6cf8ea73","name":"b2r","image":{"@type":"ImageObject","inLanguage":"pl-PL","@id":"https:\/\/secure.gravatar.com\/avatar\/d33c9cf07b732ae07942e10a8ad013152eb282475d95c7db934c478bb893f6dd?s=96&d=mm&r=g","url":"https:\/\/secure.gravatar.com\/avatar\/d33c9cf07b732ae07942e10a8ad013152eb282475d95c7db934c478bb893f6dd?s=96&d=mm&r=g","contentUrl":"https:\/\/secure.gravatar.com\/avatar\/d33c9cf07b732ae07942e10a8ad013152eb282475d95c7db934c478bb893f6dd?s=96&d=mm&r=g","caption":"b2r"}}]}},"_links":{"self":[{"href":"https:\/\/b2rlaw.com\/pl\/wp-json\/wp\/v2\/posts\/4547","targetHints":{"allow":["GET"]}}],"collection":[{"href":"https:\/\/b2rlaw.com\/pl\/wp-json\/wp\/v2\/posts"}],"about":[{"href":"https:\/\/b2rlaw.com\/pl\/wp-json\/wp\/v2\/types\/post"}],"author":[{"embeddable":true,"href":"https:\/\/b2rlaw.com\/pl\/wp-json\/wp\/v2\/users\/3"}],"replies":[{"embeddable":true,"href":"https:\/\/b2rlaw.com\/pl\/wp-json\/wp\/v2\/comments?post=4547"}],"version-history":[{"count":1,"href":"https:\/\/b2rlaw.com\/pl\/wp-json\/wp\/v2\/posts\/4547\/revisions"}],"predecessor-version":[{"id":4548,"href":"https:\/\/b2rlaw.com\/pl\/wp-json\/wp\/v2\/posts\/4547\/revisions\/4548"}],"wp:attachment":[{"href":"https:\/\/b2rlaw.com\/pl\/wp-json\/wp\/v2\/media?parent=4547"}],"wp:term":[{"taxonomy":"category","embeddable":true,"href":"https:\/\/b2rlaw.com\/pl\/wp-json\/wp\/v2\/categories?post=4547"}],"curies":[{"name":"wp","href":"https:\/\/api.w.org\/{rel}","templated":true}]}}